
{"id":8090,"date":"2022-04-26T12:41:00","date_gmt":"2022-04-26T10:41:00","guid":{"rendered":"https:\/\/mieldelatorre.com\/?p=8090"},"modified":"2022-05-17T11:59:47","modified_gmt":"2022-05-17T09:59:47","slug":"bunuelos-de-calabaza-con-mieldecana","status":"publish","type":"post","link":"https:\/\/mieldelatorre.com\/en\/bunuelos-de-calabaza-con-mieldecana\/","title":{"rendered":"Bu\u00f1uelos de calabaza con \u00abmieldeca\u00f1a\u00bb"},"content":{"rendered":"<div data-elementor-type=\"wp-post\" data-elementor-id=\"8090\" class=\"elementor elementor-8090\">\n\t\t\t\t\t\t<section class=\"elementor-section elementor-top-section elementor-element elementor-element-b0e3ad6 elementor-section-boxed elementor-section-height-default elementor-section-height-default parallax_section_no qode_elementor_container_no\" data-id=\"b0e3ad6\" data-element_type=\"section\" data-e-type=\"section\">\n\t\t\t\t\t\t<div class=\"elementor-container elementor-column-gap-default\">\n\t\t\t\t\t<div class=\"elementor-column elementor-col-100 elementor-top-column elementor-element elementor-element-7c404d0\" data-id=\"7c404d0\" data-element_type=\"column\" data-e-type=\"column\">\n\t\t\t<div class=\"elementor-widget-wrap\">\n\t\t\t\t\t\t\t<\/div>\n\t\t<\/div>\n\t\t\t\t\t<\/div>\n\t\t<\/section>\n\t\t\t\t<section class=\"elementor-section elementor-top-section elementor-element elementor-element-c4cd07a elementor-section-boxed elementor-section-height-default elementor-section-height-default parallax_section_no qode_elementor_container_no\" data-id=\"c4cd07a\" data-element_type=\"section\" data-e-type=\"section\">\n\t\t\t\t\t\t<div class=\"elementor-container elementor-column-gap-default\">\n\t\t\t\t\t<div class=\"elementor-column elementor-col-100 elementor-top-column elementor-element elementor-element-bce8a8c\" data-id=\"bce8a8c\" data-element_type=\"column\" data-e-type=\"column\">\n\t\t\t<div class=\"elementor-widget-wrap elementor-element-populated\">\n\t\t\t\t\t\t<div class=\"elementor-element elementor-element-04a09ba elementor-widget elementor-widget-video\" data-id=\"04a09ba\" data-element_type=\"widget\" data-e-type=\"widget\" data-settings=\"{&quot;youtube_url&quot;:&quot;https:\\\/\\\/www.youtube.com\\\/watch?v=HPdIO3udF9Y&quot;,&quot;video_type&quot;:&quot;youtube&quot;,&quot;controls&quot;:&quot;yes&quot;}\" data-widget_type=\"video.default\">\n\t\t\t\t<div class=\"elementor-widget-container\">\n\t\t\t\t\t\t\t<div class=\"elementor-wrapper elementor-open-inline\">\n\t\t\t<div class=\"elementor-video\"><\/div>\t\t<\/div>\n\t\t\t\t\t\t<\/div>\n\t\t\t\t<\/div>\n\t\t\t\t\t<\/div>\n\t\t<\/div>\n\t\t\t\t\t<\/div>\n\t\t<\/section>\n\t\t\t\t<section class=\"elementor-section elementor-top-section elementor-element elementor-element-c83c831 elementor-section-boxed elementor-section-height-default elementor-section-height-default parallax_section_no qode_elementor_container_no\" data-id=\"c83c831\" data-element_type=\"section\" data-e-type=\"section\">\n\t\t\t\t\t\t<div class=\"elementor-container elementor-column-gap-default\">\n\t\t\t\t\t<div class=\"elementor-column elementor-col-100 elementor-top-column elementor-element elementor-element-b9352cc\" data-id=\"b9352cc\" data-element_type=\"column\" data-e-type=\"column\">\n\t\t\t<div class=\"elementor-widget-wrap elementor-element-populated\">\n\t\t\t\t\t\t<div class=\"elementor-element elementor-element-24dbb72 elementor-widget elementor-widget-text-editor\" data-id=\"24dbb72\" data-element_type=\"widget\" data-e-type=\"widget\" data-widget_type=\"text-editor.default\">\n\t\t\t\t<div class=\"elementor-widget-container\">\n\t\t\t\t\t\t\t\t\t<h3><span style=\"color: #f2dc94;\">BY Sergio Garrido<\/span><\/h3><p style=\"text-align: justify;\">Gracias Sergio Garrido por volver a mostrarnos otra forma de usar nuestra \u00abMieldeca\u00f1a\u00bb de Frigiliana. Producto natural con menos calor\u00edas y m\u00e1s nutrientes que la panela y otros az\u00facares.<\/p>\t\t\t\t\t\t\t\t<\/div>\n\t\t\t\t<\/div>\n\t\t\t\t\t<\/div>\n\t\t<\/div>\n\t\t\t\t\t<\/div>\n\t\t<\/section>\n\t\t\t\t<section class=\"elementor-section elementor-top-section elementor-element elementor-element-7f2e422 elementor-section-boxed elementor-section-height-default elementor-section-height-default parallax_section_no qode_elementor_container_no\" data-id=\"7f2e422\" data-element_type=\"section\" data-e-type=\"section\">\n\t\t\t\t\t\t<div class=\"elementor-container elementor-column-gap-default\">\n\t\t\t\t\t<div class=\"elementor-column elementor-col-50 elementor-top-column elementor-element elementor-element-85c18a7\" data-id=\"85c18a7\" data-element_type=\"column\" data-e-type=\"column\">\n\t\t\t<div class=\"elementor-widget-wrap\">\n\t\t\t\t\t\t\t<\/div>\n\t\t<\/div>\n\t\t\t\t<div class=\"elementor-column elementor-col-50 elementor-top-column elementor-element elementor-element-29dc905\" data-id=\"29dc905\" data-element_type=\"column\" data-e-type=\"column\">\n\t\t\t<div class=\"elementor-widget-wrap\">\n\t\t\t\t\t\t\t<\/div>\n\t\t<\/div>\n\t\t\t\t\t<\/div>\n\t\t<\/section>\n\t\t\t\t<\/div>","protected":false},"excerpt":{"rendered":"<p>https:\/\/www.youtube.com\/watch?v=HPdIO3udF9Y POR Sergio Garrido Gracias Sergio Garrido por volver a mostrarnos otra forma de usar nuestra \u00abMieldeca\u00f1a\u00bb de Frigiliana. Producto natural con menos calor\u00edas y m\u00e1s nutrientes que la panela y otros az\u00facares.<\/p>","protected":false},"author":6,"featured_media":8108,"comment_status":"open","ping_status":"open","sticky":false,"template":"","format":"standard","meta":{"inline_featured_image":false,"_exactmetrics_skip_tracking":false,"_exactmetrics_sitenote_active":false,"_exactmetrics_sitenote_note":"","_exactmetrics_sitenote_category":0,"footnotes":""},"categories":[77],"tags":[82,61,81],"class_list":["post-8090","post","type-post","status-publish","format-standard","has-post-thumbnail","hentry","category-video-receta","tag-entrantes","tag-principales","tag-video-receta"],"yoast_head":"<!-- This site is optimized with the Yoast SEO plugin v26.9 - https:\/\/yoast.com\/product\/yoast-seo-wordpress\/ -->\n<title>Bu\u00f1uelos de calabaza con &quot;mieldeca\u00f1a&quot; - MIEL DE CA\u00d1A DE FRIGILIANA PRODUCTO NATURAL<\/title>\n<meta name=\"robots\" content=\"index, follow, max-snippet:-1, max-image-preview:large, max-video-preview:-1\" \/>\n<link rel=\"canonical\" href=\"https:\/\/mieldelatorre.com\/en\/bunuelos-de-calabaza-con-mieldecana\/\" \/>\n<meta property=\"og:locale\" content=\"en_GB\" \/>\n<meta property=\"og:type\" content=\"article\" \/>\n<meta property=\"og:title\" content=\"Bu\u00f1uelos de calabaza con &quot;mieldeca\u00f1a&quot; - MIEL DE CA\u00d1A DE FRIGILIANA PRODUCTO NATURAL\" \/>\n<meta property=\"og:description\" content=\"https:\/\/www.youtube.com\/watch?v=HPdIO3udF9Y POR Sergio Garrido Gracias Sergio Garrido por volver a mostrarnos otra forma de usar nuestra \u00abMieldeca\u00f1a\u00bb de Frigiliana. Producto natural con menos calor\u00edas y m\u00e1s nutrientes que la panela y otros az\u00facares.\" \/>\n<meta property=\"og:url\" content=\"https:\/\/mieldelatorre.com\/en\/bunuelos-de-calabaza-con-mieldecana\/\" \/>\n<meta property=\"og:site_name\" content=\"MIEL DE CA\u00d1A DE FRIGILIANA PRODUCTO NATURAL\" \/>\n<meta property=\"article:publisher\" content=\"https:\/\/www.facebook.com\/mieldelatorre\" \/>\n<meta property=\"article:published_time\" content=\"2022-04-26T10:41:00+00:00\" \/>\n<meta property=\"article:modified_time\" content=\"2022-05-17T09:59:47+00:00\" \/>\n<meta property=\"og:image\" content=\"https:\/\/mieldelatorre.com\/wp-content\/uploads\/2022\/04\/Captura.jpg\" \/>\n\t<meta property=\"og:image:width\" content=\"1456\" \/>\n\t<meta property=\"og:image:height\" content=\"904\" \/>\n\t<meta property=\"og:image:type\" content=\"image\/jpeg\" \/>\n<meta name=\"author\" content=\"Rosa Marmol\" \/>\n<meta name=\"twitter:card\" content=\"summary_large_image\" \/>\n<meta name=\"twitter:label1\" content=\"Written by\" \/>\n\t<meta name=\"twitter:data1\" content=\"Rosa Marmol\" \/>\n\t<meta name=\"twitter:label2\" content=\"Estimated reading time\" \/>\n\t<meta name=\"twitter:data2\" content=\"1 minute\" \/>\n<script type=\"application\/ld+json\" class=\"yoast-schema-graph\">{\"@context\":\"https:\/\/schema.org\",\"@graph\":[{\"@type\":\"Article\",\"@id\":\"https:\/\/mieldelatorre.com\/bunuelos-de-calabaza-con-mieldecana\/#article\",\"isPartOf\":{\"@id\":\"https:\/\/mieldelatorre.com\/bunuelos-de-calabaza-con-mieldecana\/\"},\"author\":{\"name\":\"Rosa Marmol\",\"@id\":\"https:\/\/mieldelatorre.com\/#\/schema\/person\/f812132eaa467f8200f886d468add81a\"},\"headline\":\"Bu\u00f1uelos de calabaza con \u00abmieldeca\u00f1a\u00bb\",\"datePublished\":\"2022-04-26T10:41:00+00:00\",\"dateModified\":\"2022-05-17T09:59:47+00:00\",\"mainEntityOfPage\":{\"@id\":\"https:\/\/mieldelatorre.com\/bunuelos-de-calabaza-con-mieldecana\/\"},\"wordCount\":51,\"commentCount\":0,\"publisher\":{\"@id\":\"https:\/\/mieldelatorre.com\/#organization\"},\"image\":{\"@id\":\"https:\/\/mieldelatorre.com\/bunuelos-de-calabaza-con-mieldecana\/#primaryimage\"},\"thumbnailUrl\":\"https:\/\/mieldelatorre.com\/wp-content\/uploads\/2022\/04\/Captura.jpg\",\"keywords\":[\"Entrantes\",\"Principales\",\"Video Receta\"],\"articleSection\":[\"V\u00eddeo Receta\"],\"inLanguage\":\"en-GB\",\"potentialAction\":[{\"@type\":\"CommentAction\",\"name\":\"Comment\",\"target\":[\"https:\/\/mieldelatorre.com\/bunuelos-de-calabaza-con-mieldecana\/#respond\"]}]},{\"@type\":\"WebPage\",\"@id\":\"https:\/\/mieldelatorre.com\/bunuelos-de-calabaza-con-mieldecana\/\",\"url\":\"https:\/\/mieldelatorre.com\/bunuelos-de-calabaza-con-mieldecana\/\",\"name\":\"Bu\u00f1uelos de calabaza con \\\"mieldeca\u00f1a\\\" - MIEL DE CA\u00d1A DE FRIGILIANA PRODUCTO NATURAL\",\"isPartOf\":{\"@id\":\"https:\/\/mieldelatorre.com\/#website\"},\"primaryImageOfPage\":{\"@id\":\"https:\/\/mieldelatorre.com\/bunuelos-de-calabaza-con-mieldecana\/#primaryimage\"},\"image\":{\"@id\":\"https:\/\/mieldelatorre.com\/bunuelos-de-calabaza-con-mieldecana\/#primaryimage\"},\"thumbnailUrl\":\"https:\/\/mieldelatorre.com\/wp-content\/uploads\/2022\/04\/Captura.jpg\",\"datePublished\":\"2022-04-26T10:41:00+00:00\",\"dateModified\":\"2022-05-17T09:59:47+00:00\",\"breadcrumb\":{\"@id\":\"https:\/\/mieldelatorre.com\/bunuelos-de-calabaza-con-mieldecana\/#breadcrumb\"},\"inLanguage\":\"en-GB\",\"potentialAction\":[{\"@type\":\"ReadAction\",\"target\":[\"https:\/\/mieldelatorre.com\/bunuelos-de-calabaza-con-mieldecana\/\"]}]},{\"@type\":\"ImageObject\",\"inLanguage\":\"en-GB\",\"@id\":\"https:\/\/mieldelatorre.com\/bunuelos-de-calabaza-con-mieldecana\/#primaryimage\",\"url\":\"https:\/\/mieldelatorre.com\/wp-content\/uploads\/2022\/04\/Captura.jpg\",\"contentUrl\":\"https:\/\/mieldelatorre.com\/wp-content\/uploads\/2022\/04\/Captura.jpg\",\"width\":1456,\"height\":904},{\"@type\":\"BreadcrumbList\",\"@id\":\"https:\/\/mieldelatorre.com\/bunuelos-de-calabaza-con-mieldecana\/#breadcrumb\",\"itemListElement\":[{\"@type\":\"ListItem\",\"position\":1,\"name\":\"Portada\",\"item\":\"https:\/\/mieldelatorre.com\/\"},{\"@type\":\"ListItem\",\"position\":2,\"name\":\"Bu\u00f1uelos de calabaza con &#8220;mieldeca\u00f1a&#8221;\"}]},{\"@type\":\"WebSite\",\"@id\":\"https:\/\/mieldelatorre.com\/#website\",\"url\":\"https:\/\/mieldelatorre.com\/\",\"name\":\"miel de ca\u00f1a de la torre\",\"description\":\"El Ingenio Nuestra Se\u00f1ora del Carmen elabora desde 1725 la miel de ca\u00f1a Frigiliana, producto natural rico en vitaminas y minerales\",\"publisher\":{\"@id\":\"https:\/\/mieldelatorre.com\/#organization\"},\"potentialAction\":[{\"@type\":\"SearchAction\",\"target\":{\"@type\":\"EntryPoint\",\"urlTemplate\":\"https:\/\/mieldelatorre.com\/?s={search_term_string}\"},\"query-input\":{\"@type\":\"PropertyValueSpecification\",\"valueRequired\":true,\"valueName\":\"search_term_string\"}}],\"inLanguage\":\"en-GB\"},{\"@type\":\"Organization\",\"@id\":\"https:\/\/mieldelatorre.com\/#organization\",\"name\":\"De La Torre S.L. miel de ca\u00f1a\",\"url\":\"https:\/\/mieldelatorre.com\/\",\"logo\":{\"@type\":\"ImageObject\",\"inLanguage\":\"en-GB\",\"@id\":\"https:\/\/mieldelatorre.com\/#\/schema\/logo\/image\/\",\"url\":\"\",\"contentUrl\":\"\",\"caption\":\"De La Torre S.L. miel de ca\u00f1a\"},\"image\":{\"@id\":\"https:\/\/mieldelatorre.com\/#\/schema\/logo\/image\/\"},\"sameAs\":[\"https:\/\/www.facebook.com\/mieldelatorre\",\"https:\/\/www.instagram.com\/ingenio_nra_sra_del_carmen\/\",\"https:\/\/www.youtube.com\/channel\/UCBi3fBnBWX9RaxeqMhjQ_JQ\"]},{\"@type\":\"Person\",\"@id\":\"https:\/\/mieldelatorre.com\/#\/schema\/person\/f812132eaa467f8200f886d468add81a\",\"name\":\"Rosa Marmol\",\"image\":{\"@type\":\"ImageObject\",\"inLanguage\":\"en-GB\",\"@id\":\"https:\/\/mieldelatorre.com\/#\/schema\/person\/image\/\",\"url\":\"https:\/\/secure.gravatar.com\/avatar\/9d4da5cc94766bbd37db2613b91b3f2a23ab77bebed6409c8c5eeecc0f0e21d9?s=96&d=mm&r=g\",\"contentUrl\":\"https:\/\/secure.gravatar.com\/avatar\/9d4da5cc94766bbd37db2613b91b3f2a23ab77bebed6409c8c5eeecc0f0e21d9?s=96&d=mm&r=g\",\"caption\":\"Rosa Marmol\"},\"sameAs\":[\"http:\/\/artificio.studio\"]}]}<\/script>\n<!-- \/ Yoast SEO plugin. -->","yoast_head_json":{"title":"Bu\u00f1uelos de calabaza con \"mieldeca\u00f1a\" - MIEL DE CA\u00d1A DE FRIGILIANA PRODUCTO NATURAL","robots":{"index":"index","follow":"follow","max-snippet":"max-snippet:-1","max-image-preview":"max-image-preview:large","max-video-preview":"max-video-preview:-1"},"canonical":"https:\/\/mieldelatorre.com\/en\/bunuelos-de-calabaza-con-mieldecana\/","og_locale":"en_GB","og_type":"article","og_title":"Bu\u00f1uelos de calabaza con \"mieldeca\u00f1a\" - MIEL DE CA\u00d1A DE FRIGILIANA PRODUCTO NATURAL","og_description":"https:\/\/www.youtube.com\/watch?v=HPdIO3udF9Y POR Sergio Garrido Gracias Sergio Garrido por volver a mostrarnos otra forma de usar nuestra \u00abMieldeca\u00f1a\u00bb de Frigiliana. Producto natural con menos calor\u00edas y m\u00e1s nutrientes que la panela y otros az\u00facares.","og_url":"https:\/\/mieldelatorre.com\/en\/bunuelos-de-calabaza-con-mieldecana\/","og_site_name":"MIEL DE CA\u00d1A DE FRIGILIANA PRODUCTO NATURAL","article_publisher":"https:\/\/www.facebook.com\/mieldelatorre","article_published_time":"2022-04-26T10:41:00+00:00","article_modified_time":"2022-05-17T09:59:47+00:00","og_image":[{"width":1456,"height":904,"url":"https:\/\/mieldelatorre.com\/wp-content\/uploads\/2022\/04\/Captura.jpg","type":"image\/jpeg"}],"author":"Rosa Marmol","twitter_card":"summary_large_image","twitter_misc":{"Written by":"Rosa Marmol","Estimated reading time":"1 minute"},"schema":{"@context":"https:\/\/schema.org","@graph":[{"@type":"Article","@id":"https:\/\/mieldelatorre.com\/bunuelos-de-calabaza-con-mieldecana\/#article","isPartOf":{"@id":"https:\/\/mieldelatorre.com\/bunuelos-de-calabaza-con-mieldecana\/"},"author":{"name":"Rosa Marmol","@id":"https:\/\/mieldelatorre.com\/#\/schema\/person\/f812132eaa467f8200f886d468add81a"},"headline":"Bu\u00f1uelos de calabaza con \u00abmieldeca\u00f1a\u00bb","datePublished":"2022-04-26T10:41:00+00:00","dateModified":"2022-05-17T09:59:47+00:00","mainEntityOfPage":{"@id":"https:\/\/mieldelatorre.com\/bunuelos-de-calabaza-con-mieldecana\/"},"wordCount":51,"commentCount":0,"publisher":{"@id":"https:\/\/mieldelatorre.com\/#organization"},"image":{"@id":"https:\/\/mieldelatorre.com\/bunuelos-de-calabaza-con-mieldecana\/#primaryimage"},"thumbnailUrl":"https:\/\/mieldelatorre.com\/wp-content\/uploads\/2022\/04\/Captura.jpg","keywords":["Entrantes","Principales","Video Receta"],"articleSection":["V\u00eddeo Receta"],"inLanguage":"en-GB","potentialAction":[{"@type":"CommentAction","name":"Comment","target":["https:\/\/mieldelatorre.com\/bunuelos-de-calabaza-con-mieldecana\/#respond"]}]},{"@type":"WebPage","@id":"https:\/\/mieldelatorre.com\/bunuelos-de-calabaza-con-mieldecana\/","url":"https:\/\/mieldelatorre.com\/bunuelos-de-calabaza-con-mieldecana\/","name":"Bu\u00f1uelos de calabaza con \"mieldeca\u00f1a\" - MIEL DE CA\u00d1A DE FRIGILIANA PRODUCTO NATURAL","isPartOf":{"@id":"https:\/\/mieldelatorre.com\/#website"},"primaryImageOfPage":{"@id":"https:\/\/mieldelatorre.com\/bunuelos-de-calabaza-con-mieldecana\/#primaryimage"},"image":{"@id":"https:\/\/mieldelatorre.com\/bunuelos-de-calabaza-con-mieldecana\/#primaryimage"},"thumbnailUrl":"https:\/\/mieldelatorre.com\/wp-content\/uploads\/2022\/04\/Captura.jpg","datePublished":"2022-04-26T10:41:00+00:00","dateModified":"2022-05-17T09:59:47+00:00","breadcrumb":{"@id":"https:\/\/mieldelatorre.com\/bunuelos-de-calabaza-con-mieldecana\/#breadcrumb"},"inLanguage":"en-GB","potentialAction":[{"@type":"ReadAction","target":["https:\/\/mieldelatorre.com\/bunuelos-de-calabaza-con-mieldecana\/"]}]},{"@type":"ImageObject","inLanguage":"en-GB","@id":"https:\/\/mieldelatorre.com\/bunuelos-de-calabaza-con-mieldecana\/#primaryimage","url":"https:\/\/mieldelatorre.com\/wp-content\/uploads\/2022\/04\/Captura.jpg","contentUrl":"https:\/\/mieldelatorre.com\/wp-content\/uploads\/2022\/04\/Captura.jpg","width":1456,"height":904},{"@type":"BreadcrumbList","@id":"https:\/\/mieldelatorre.com\/bunuelos-de-calabaza-con-mieldecana\/#breadcrumb","itemListElement":[{"@type":"ListItem","position":1,"name":"Portada","item":"https:\/\/mieldelatorre.com\/"},{"@type":"ListItem","position":2,"name":"Bu\u00f1uelos de calabaza con &#8220;mieldeca\u00f1a&#8221;"}]},{"@type":"WebSite","@id":"https:\/\/mieldelatorre.com\/#website","url":"https:\/\/mieldelatorre.com\/","name":"miel de ca\u00f1a de la torre","description":"El Ingenio Nuestra Se\u00f1ora del Carmen elabora desde 1725 la miel de ca\u00f1a Frigiliana, producto natural rico en vitaminas y minerales","publisher":{"@id":"https:\/\/mieldelatorre.com\/#organization"},"potentialAction":[{"@type":"SearchAction","target":{"@type":"EntryPoint","urlTemplate":"https:\/\/mieldelatorre.com\/?s={search_term_string}"},"query-input":{"@type":"PropertyValueSpecification","valueRequired":true,"valueName":"search_term_string"}}],"inLanguage":"en-GB"},{"@type":"Organization","@id":"https:\/\/mieldelatorre.com\/#organization","name":"De La Torre S.L. miel de ca\u00f1a","url":"https:\/\/mieldelatorre.com\/","logo":{"@type":"ImageObject","inLanguage":"en-GB","@id":"https:\/\/mieldelatorre.com\/#\/schema\/logo\/image\/","url":"","contentUrl":"","caption":"De La Torre S.L. miel de ca\u00f1a"},"image":{"@id":"https:\/\/mieldelatorre.com\/#\/schema\/logo\/image\/"},"sameAs":["https:\/\/www.facebook.com\/mieldelatorre","https:\/\/www.instagram.com\/ingenio_nra_sra_del_carmen\/","https:\/\/www.youtube.com\/channel\/UCBi3fBnBWX9RaxeqMhjQ_JQ"]},{"@type":"Person","@id":"https:\/\/mieldelatorre.com\/#\/schema\/person\/f812132eaa467f8200f886d468add81a","name":"Rosa Marmol","image":{"@type":"ImageObject","inLanguage":"en-GB","@id":"https:\/\/mieldelatorre.com\/#\/schema\/person\/image\/","url":"https:\/\/secure.gravatar.com\/avatar\/9d4da5cc94766bbd37db2613b91b3f2a23ab77bebed6409c8c5eeecc0f0e21d9?s=96&d=mm&r=g","contentUrl":"https:\/\/secure.gravatar.com\/avatar\/9d4da5cc94766bbd37db2613b91b3f2a23ab77bebed6409c8c5eeecc0f0e21d9?s=96&d=mm&r=g","caption":"Rosa Marmol"},"sameAs":["http:\/\/artificio.studio"]}]}},"_links":{"self":[{"href":"https:\/\/mieldelatorre.com\/en\/wp-json\/wp\/v2\/posts\/8090","targetHints":{"allow":["GET"]}}],"collection":[{"href":"https:\/\/mieldelatorre.com\/en\/wp-json\/wp\/v2\/posts"}],"about":[{"href":"https:\/\/mieldelatorre.com\/en\/wp-json\/wp\/v2\/types\/post"}],"author":[{"embeddable":true,"href":"https:\/\/mieldelatorre.com\/en\/wp-json\/wp\/v2\/users\/6"}],"replies":[{"embeddable":true,"href":"https:\/\/mieldelatorre.com\/en\/wp-json\/wp\/v2\/comments?post=8090"}],"version-history":[{"count":5,"href":"https:\/\/mieldelatorre.com\/en\/wp-json\/wp\/v2\/posts\/8090\/revisions"}],"predecessor-version":[{"id":8209,"href":"https:\/\/mieldelatorre.com\/en\/wp-json\/wp\/v2\/posts\/8090\/revisions\/8209"}],"wp:featuredmedia":[{"embeddable":true,"href":"https:\/\/mieldelatorre.com\/en\/wp-json\/wp\/v2\/media\/8108"}],"wp:attachment":[{"href":"https:\/\/mieldelatorre.com\/en\/wp-json\/wp\/v2\/media?parent=8090"}],"wp:term":[{"taxonomy":"category","embeddable":true,"href":"https:\/\/mieldelatorre.com\/en\/wp-json\/wp\/v2\/categories?post=8090"},{"taxonomy":"post_tag","embeddable":true,"href":"https:\/\/mieldelatorre.com\/en\/wp-json\/wp\/v2\/tags?post=8090"}],"curies":[{"name":"wp","href":"https:\/\/api.w.org\/{rel}","templated":true}]}}