
{"id":7727,"date":"2022-04-25T11:08:10","date_gmt":"2022-04-25T09:08:10","guid":{"rendered":"https:\/\/mieldelatorre.com\/?p=7727"},"modified":"2023-02-23T09:42:38","modified_gmt":"2023-02-23T08:42:38","slug":"foie-gras-mieldecana-y-caldo-de-encurtidos","status":"publish","type":"post","link":"https:\/\/mieldelatorre.com\/en\/foie-gras-mieldecana-y-caldo-de-encurtidos\/","title":{"rendered":"Foie gras, \u00abmieldeca\u00f1a\u00bb y caldo de encurtidos"},"content":{"rendered":"<div data-elementor-type=\"wp-post\" data-elementor-id=\"7727\" class=\"elementor elementor-7727\">\n\t\t\t\t\t\t<section class=\"elementor-section elementor-top-section elementor-element elementor-element-b0e3ad6 elementor-section-boxed elementor-section-height-default elementor-section-height-default parallax_section_no qode_elementor_container_no\" data-id=\"b0e3ad6\" data-element_type=\"section\" data-e-type=\"section\">\n\t\t\t\t\t\t<div class=\"elementor-container elementor-column-gap-default\">\n\t\t\t\t\t<div class=\"elementor-column elementor-col-50 elementor-top-column elementor-element elementor-element-7c404d0\" data-id=\"7c404d0\" data-element_type=\"column\" data-e-type=\"column\">\n\t\t\t<div class=\"elementor-widget-wrap elementor-element-populated\">\n\t\t\t\t\t\t<div class=\"elementor-element elementor-element-8baa566 elementor-widget elementor-widget-text-editor\" data-id=\"8baa566\" data-element_type=\"widget\" data-e-type=\"widget\" data-widget_type=\"text-editor.default\">\n\t\t\t\t<div class=\"elementor-widget-container\">\n\t\t\t\t\t\t\t\t\t<h3><span style=\"color: #f2dc94;\">Ingredients (for 4 people)<\/span><\/h3><p style=\"text-align: justify;\">320 g of foie gras; 4 white alder flowers<\/p><p style=\"text-align: justify;\"><span style=\"text-decoration: underline;\">Para el gel de \u00abmieldeca\u00f1a\u00bb:<\/span> 80 g de \u00abmieldeca\u00f1a\u00bb; 80 cl de agua mineral; 0,80 g de agar-agar.<\/p><p style=\"text-align: justify;\"><span style=\"text-decoration: underline;\">For the ginger pickle:<\/span> 500 g de jengibre pelado; 100 g de \u00abmieldeca\u00f1a\u00bb; 10 cl de vinagre de arroz; 10 cl de agua mineral; c\/s de sal.<\/p><p style=\"text-align: justify;\"><span style=\"text-decoration: underline;\">For the beet pickle cream:<\/span> 500 g de remolacha; 100 g de \u00abmieldeca\u00f1a\u00bb; 10 cl de vinagre de arroz 10 cl de agua mineral; c\/s de sal; c\/s de an\u00eds estrellado.<\/p><h3><span style=\"color: #f2dc94;\">Method<\/span><\/h3><p style=\"text-align: justify;\"><span style=\"text-decoration: underline;\">For the ginger pickle:<\/span> pelar el jengibre y laminar, mezclar el vinagre, la sal, la \u00abmieldeca\u00f1a\u00bb y el agua y calentar. Meter en una bolsa de vac\u00edo e introducir las l\u00e1minas de jengibre y dejarlo macerar 21 d\u00edas. A los 21 d\u00edas, escurrir y reservar el caldo.<\/p><p style=\"text-align: justify;\"><span style=\"text-decoration: underline;\">For the beet pickle cream:<\/span> laminar la remolacha, mezclar el vinagre, la sal, la \u00abmieldeca\u00f1a\u00bb, el an\u00eds y el agua y calentar. Meter en una bolsa de vac\u00edo e introducir las l\u00e1minas de remolacha, dej\u00e1ndolo macerar, igualmente, 21 d\u00edas. A los 21 d\u00edas, triturar en la Thermomix y dejar lo m\u00e1s fino posible.<\/p><p style=\"text-align: justify;\"><span style=\"text-decoration: underline;\">Para el gel de \u00abmieldeca\u00f1a\u00bb:<\/span> mezclar el agua con la \u00abmieldeca\u00f1a\u00bb, calentar y gelificar con el agar-agar. Volcar sobre una bandeja plana. Reservar. Para el foie gras: Utilizar el l\u00f3bulo grande. Cortar en 4 trozos, marcar en una sart\u00e9n antiadherente y hornear 8 minutos a 140 \u00baC.<\/p><p style=\"text-align: justify;\"><span style=\"text-decoration: underline;\">Plating:<\/span> poner un trozo de foie, colocando por encima una l\u00e1mina de gel de \u00abmieldeca\u00f1a\u00bb y alrededor el caldo de encurtido de jengibre. Poner unas l\u00e1grimas de crema de remolacha y decorar con una flor de aliso blanco.<\/p>\t\t\t\t\t\t\t\t<\/div>\n\t\t\t\t<\/div>\n\t\t\t\t\t<\/div>\n\t\t<\/div>\n\t\t\t\t<div class=\"elementor-column elementor-col-50 elementor-top-column elementor-element elementor-element-0128d34\" data-id=\"0128d34\" data-element_type=\"column\" data-e-type=\"column\">\n\t\t\t<div class=\"elementor-widget-wrap elementor-element-populated\">\n\t\t\t\t\t\t<div class=\"elementor-element elementor-element-03060fe elementor-widget elementor-widget-image\" data-id=\"03060fe\" data-element_type=\"widget\" data-e-type=\"widget\" data-widget_type=\"image.default\">\n\t\t\t\t<div class=\"elementor-widget-container\">\n\t\t\t\t\t\t\t\t\t\t\t\t\t\t\t<img fetchpriority=\"high\" decoding=\"async\" width=\"696\" height=\"1024\" src=\"https:\/\/mieldelatorre.com\/wp-content\/uploads\/2022\/04\/La-Miel-de-Cana_Pagina_117-696x1024.jpg\" class=\"attachment-large size-large wp-image-7453\" alt=\"\" srcset=\"https:\/\/mieldelatorre.com\/wp-content\/uploads\/2022\/04\/La-Miel-de-Cana_Pagina_117-696x1024.jpg 696w, https:\/\/mieldelatorre.com\/wp-content\/uploads\/2022\/04\/La-Miel-de-Cana_Pagina_117-800x1177.jpg 800w, https:\/\/mieldelatorre.com\/wp-content\/uploads\/2022\/04\/La-Miel-de-Cana_Pagina_117-204x300.jpg 204w, https:\/\/mieldelatorre.com\/wp-content\/uploads\/2022\/04\/La-Miel-de-Cana_Pagina_117-768x1130.jpg 768w, https:\/\/mieldelatorre.com\/wp-content\/uploads\/2022\/04\/La-Miel-de-Cana_Pagina_117-700x1030.jpg 700w, https:\/\/mieldelatorre.com\/wp-content\/uploads\/2022\/04\/La-Miel-de-Cana_Pagina_117.jpg 879w\" sizes=\"(max-width: 696px) 100vw, 696px\" \/>\t\t\t\t\t\t\t\t\t\t\t\t\t\t\t<\/div>\n\t\t\t\t<\/div>\n\t\t\t\t\t<\/div>\n\t\t<\/div>\n\t\t\t\t\t<\/div>\n\t\t<\/section>\n\t\t\t\t<section class=\"elementor-section elementor-top-section elementor-element elementor-element-05f4207 elementor-section-boxed elementor-section-height-default elementor-section-height-default parallax_section_no qode_elementor_container_no\" data-id=\"05f4207\" data-element_type=\"section\" data-e-type=\"section\">\n\t\t\t\t\t\t<div class=\"elementor-container elementor-column-gap-default\">\n\t\t\t\t\t<div class=\"elementor-column elementor-col-33 elementor-top-column elementor-element elementor-element-f203997\" data-id=\"f203997\" data-element_type=\"column\" data-e-type=\"column\">\n\t\t\t<div class=\"elementor-widget-wrap elementor-element-populated\">\n\t\t\t\t\t\t<div class=\"elementor-element elementor-element-3000e38 elementor-widget-divider--view-line elementor-widget elementor-widget-divider\" data-id=\"3000e38\" data-element_type=\"widget\" data-e-type=\"widget\" data-widget_type=\"divider.default\">\n\t\t\t\t<div class=\"elementor-widget-container\">\n\t\t\t\t\t\t\t<div class=\"elementor-divider\">\n\t\t\t<span class=\"elementor-divider-separator\">\n\t\t\t\t\t\t<\/span>\n\t\t<\/div>\n\t\t\t\t\t\t<\/div>\n\t\t\t\t<\/div>\n\t\t\t\t\t<\/div>\n\t\t<\/div>\n\t\t\t\t<div class=\"elementor-column elementor-col-33 elementor-top-column elementor-element elementor-element-dd274c3\" data-id=\"dd274c3\" data-element_type=\"column\" data-e-type=\"column\">\n\t\t\t<div class=\"elementor-widget-wrap elementor-element-populated\">\n\t\t\t\t\t\t<div class=\"elementor-element elementor-element-420a035 elementor-widget elementor-widget-image\" data-id=\"420a035\" data-element_type=\"widget\" data-e-type=\"widget\" data-widget_type=\"image.default\">\n\t\t\t\t<div class=\"elementor-widget-container\">\n\t\t\t\t\t\t\t\t\t\t\t\t\t\t\t\t<a href=\"https:\/\/www.gastroarteandalucia.com\/\">\n\t\t\t\t\t\t\t<img decoding=\"async\" width=\"470\" height=\"108\" src=\"https:\/\/mieldelatorre.com\/wp-content\/uploads\/2021\/12\/logo-gastroarte-web.png\" class=\"attachment-large size-large wp-image-7081\" alt=\"\" srcset=\"https:\/\/mieldelatorre.com\/wp-content\/uploads\/2021\/12\/logo-gastroarte-web.png 470w, https:\/\/mieldelatorre.com\/wp-content\/uploads\/2021\/12\/logo-gastroarte-web-300x69.png 300w\" sizes=\"(max-width: 470px) 100vw, 470px\" \/>\t\t\t\t\t\t\t\t<\/a>\n\t\t\t\t\t\t\t\t\t\t\t\t\t\t\t<\/div>\n\t\t\t\t<\/div>\n\t\t\t\t\t<\/div>\n\t\t<\/div>\n\t\t\t\t<div class=\"elementor-column elementor-col-33 elementor-top-column elementor-element elementor-element-dbf4b48\" data-id=\"dbf4b48\" data-element_type=\"column\" data-e-type=\"column\">\n\t\t\t<div class=\"elementor-widget-wrap elementor-element-populated\">\n\t\t\t\t\t\t<div class=\"elementor-element elementor-element-8123443 elementor-widget-divider--view-line elementor-widget elementor-widget-divider\" data-id=\"8123443\" data-element_type=\"widget\" data-e-type=\"widget\" data-widget_type=\"divider.default\">\n\t\t\t\t<div class=\"elementor-widget-container\">\n\t\t\t\t\t\t\t<div class=\"elementor-divider\">\n\t\t\t<span class=\"elementor-divider-separator\">\n\t\t\t\t\t\t<\/span>\n\t\t<\/div>\n\t\t\t\t\t\t<\/div>\n\t\t\t\t<\/div>\n\t\t\t\t\t<\/div>\n\t\t<\/div>\n\t\t\t\t\t<\/div>\n\t\t<\/section>\n\t\t\t\t<section class=\"elementor-section elementor-top-section elementor-element elementor-element-3c277a2 elementor-section-boxed elementor-section-height-default elementor-section-height-default parallax_section_no qode_elementor_container_no\" data-id=\"3c277a2\" data-element_type=\"section\" data-e-type=\"section\">\n\t\t\t\t\t\t<div class=\"elementor-container elementor-column-gap-default\">\n\t\t\t\t\t<div class=\"elementor-column elementor-col-50 elementor-top-column elementor-element elementor-element-dc596a1\" data-id=\"dc596a1\" data-element_type=\"column\" data-e-type=\"column\">\n\t\t\t<div class=\"elementor-widget-wrap elementor-element-populated\">\n\t\t\t\t\t\t<div class=\"elementor-element elementor-element-2df8bfc elementor-widget elementor-widget-image\" data-id=\"2df8bfc\" data-element_type=\"widget\" data-e-type=\"widget\" data-widget_type=\"image.default\">\n\t\t\t\t<div class=\"elementor-widget-container\">\n\t\t\t\t\t\t\t\t\t\t\t\t\t\t\t<img decoding=\"async\" width=\"300\" height=\"300\" src=\"https:\/\/mieldelatorre.com\/wp-content\/uploads\/2022\/04\/CIRCULOS-RECETAS-GASTROARTE-JOSE-ALVAREZ_Mesa-de-trabajo-1-300x300.jpg\" class=\"attachment-medium size-medium wp-image-7731\" alt=\"\" srcset=\"https:\/\/mieldelatorre.com\/wp-content\/uploads\/2022\/04\/CIRCULOS-RECETAS-GASTROARTE-JOSE-ALVAREZ_Mesa-de-trabajo-1-300x300.jpg 300w, https:\/\/mieldelatorre.com\/wp-content\/uploads\/2022\/04\/CIRCULOS-RECETAS-GASTROARTE-JOSE-ALVAREZ_Mesa-de-trabajo-1-800x800.jpg 800w, https:\/\/mieldelatorre.com\/wp-content\/uploads\/2022\/04\/CIRCULOS-RECETAS-GASTROARTE-JOSE-ALVAREZ_Mesa-de-trabajo-1-100x100.jpg 100w, https:\/\/mieldelatorre.com\/wp-content\/uploads\/2022\/04\/CIRCULOS-RECETAS-GASTROARTE-JOSE-ALVAREZ_Mesa-de-trabajo-1-1024x1024.jpg 1024w, https:\/\/mieldelatorre.com\/wp-content\/uploads\/2022\/04\/CIRCULOS-RECETAS-GASTROARTE-JOSE-ALVAREZ_Mesa-de-trabajo-1-150x150.jpg 150w, https:\/\/mieldelatorre.com\/wp-content\/uploads\/2022\/04\/CIRCULOS-RECETAS-GASTROARTE-JOSE-ALVAREZ_Mesa-de-trabajo-1-768x768.jpg 768w, https:\/\/mieldelatorre.com\/wp-content\/uploads\/2022\/04\/CIRCULOS-RECETAS-GASTROARTE-JOSE-ALVAREZ_Mesa-de-trabajo-1-1536x1536.jpg 1536w, https:\/\/mieldelatorre.com\/wp-content\/uploads\/2022\/04\/CIRCULOS-RECETAS-GASTROARTE-JOSE-ALVAREZ_Mesa-de-trabajo-1-2048x2048.jpg 2048w, https:\/\/mieldelatorre.com\/wp-content\/uploads\/2022\/04\/CIRCULOS-RECETAS-GASTROARTE-JOSE-ALVAREZ_Mesa-de-trabajo-1-570x570.jpg 570w\" sizes=\"(max-width: 300px) 100vw, 300px\" \/>\t\t\t\t\t\t\t\t\t\t\t\t\t\t\t<\/div>\n\t\t\t\t<\/div>\n\t\t\t\t<div class=\"elementor-element elementor-element-7ded953 elementor-widget elementor-widget-image-box\" data-id=\"7ded953\" data-element_type=\"widget\" data-e-type=\"widget\" data-widget_type=\"image-box.default\">\n\t\t\t\t<div class=\"elementor-widget-container\">\n\t\t\t\t\t<div class=\"elementor-image-box-wrapper\"><div class=\"elementor-image-box-content\"><h3 class=\"elementor-image-box-title\"><a href=\"https:\/\/www.tripadvisor.es\/ShowUserReviews-g652104-d2230347-r209041947-La_Costa-El_Ejido_Province_of_Almeria_Andalucia.html\">Jos\u00e9 \u00c1lvarez <\/a><\/h3><p class=\"elementor-image-box-description\">Self-taught chef from Ejido (Almeria), who is very passionate about cooking. He combines respect for the product and tradition with innovation and sophistication. He transformed his family's humble bar into one of the most prestigious restaurants in Almer\u00eda.<\/p><\/div><\/div>\t\t\t\t<\/div>\n\t\t\t\t<\/div>\n\t\t\t\t\t<\/div>\n\t\t<\/div>\n\t\t\t\t<div class=\"elementor-column elementor-col-50 elementor-top-column elementor-element elementor-element-c76670c\" data-id=\"c76670c\" data-element_type=\"column\" data-e-type=\"column\">\n\t\t\t<div class=\"elementor-widget-wrap elementor-element-populated\">\n\t\t\t\t\t\t<div class=\"elementor-element elementor-element-5a6e3bb elementor-widget elementor-widget-image\" data-id=\"5a6e3bb\" data-element_type=\"widget\" data-e-type=\"widget\" data-widget_type=\"image.default\">\n\t\t\t\t<div class=\"elementor-widget-container\">\n\t\t\t\t\t\t\t\t\t\t\t\t\t\t\t<img loading=\"lazy\" decoding=\"async\" width=\"300\" height=\"300\" src=\"https:\/\/mieldelatorre.com\/wp-content\/uploads\/2022\/04\/CIRCULOS-RECETAS-GASTROARTE-JOSE-ALVAREZ_Mesa-de-trabajo-1-copia-300x300.jpg\" class=\"attachment-medium size-medium wp-image-7729\" alt=\"\" srcset=\"https:\/\/mieldelatorre.com\/wp-content\/uploads\/2022\/04\/CIRCULOS-RECETAS-GASTROARTE-JOSE-ALVAREZ_Mesa-de-trabajo-1-copia-300x300.jpg 300w, https:\/\/mieldelatorre.com\/wp-content\/uploads\/2022\/04\/CIRCULOS-RECETAS-GASTROARTE-JOSE-ALVAREZ_Mesa-de-trabajo-1-copia-800x800.jpg 800w, https:\/\/mieldelatorre.com\/wp-content\/uploads\/2022\/04\/CIRCULOS-RECETAS-GASTROARTE-JOSE-ALVAREZ_Mesa-de-trabajo-1-copia-100x100.jpg 100w, https:\/\/mieldelatorre.com\/wp-content\/uploads\/2022\/04\/CIRCULOS-RECETAS-GASTROARTE-JOSE-ALVAREZ_Mesa-de-trabajo-1-copia-1024x1024.jpg 1024w, https:\/\/mieldelatorre.com\/wp-content\/uploads\/2022\/04\/CIRCULOS-RECETAS-GASTROARTE-JOSE-ALVAREZ_Mesa-de-trabajo-1-copia-150x150.jpg 150w, https:\/\/mieldelatorre.com\/wp-content\/uploads\/2022\/04\/CIRCULOS-RECETAS-GASTROARTE-JOSE-ALVAREZ_Mesa-de-trabajo-1-copia-768x768.jpg 768w\" sizes=\"(max-width: 300px) 100vw, 300px\" \/>\t\t\t\t\t\t\t\t\t\t\t\t\t\t\t<\/div>\n\t\t\t\t<\/div>\n\t\t\t\t<div class=\"elementor-element elementor-element-b1683c1 elementor-widget elementor-widget-image-box\" data-id=\"b1683c1\" data-element_type=\"widget\" data-e-type=\"widget\" data-widget_type=\"image-box.default\">\n\t\t\t\t<div class=\"elementor-widget-container\">\n\t\t\t\t\t<div class=\"elementor-image-box-wrapper\"><div class=\"elementor-image-box-content\"><h3 class=\"elementor-image-box-title\"><a href=\"https:\/\/guide.michelin.com\/es\/es\/andalucia\/el-ejido\/restaurante\/la-costa\">La Costa Restaurant - Almeria<\/a><\/h3><p class=\"elementor-image-box-description\">1 Michelin Star and 2 Repsol Suns. Tapas gastrobar and designer dining room with creative cuisine in a select establishment with a large wine cellar.<\/p><\/div><\/div>\t\t\t\t<\/div>\n\t\t\t\t<\/div>\n\t\t\t\t\t<\/div>\n\t\t<\/div>\n\t\t\t\t\t<\/div>\n\t\t<\/section>\n\t\t\t\t<section class=\"elementor-section elementor-top-section elementor-element elementor-element-b3632bb elementor-hidden-tablet elementor-hidden-mobile elementor-section-boxed elementor-section-height-default elementor-section-height-default parallax_section_no qode_elementor_container_no\" data-id=\"b3632bb\" data-element_type=\"section\" data-e-type=\"section\">\n\t\t\t\t\t\t<div class=\"elementor-container elementor-column-gap-default\">\n\t\t\t\t\t<div class=\"elementor-column elementor-col-100 elementor-top-column elementor-element elementor-element-9909d12\" data-id=\"9909d12\" data-element_type=\"column\" data-e-type=\"column\">\n\t\t\t<div class=\"elementor-widget-wrap elementor-element-populated\">\n\t\t\t\t\t\t<div class=\"elementor-element elementor-element-45c66ef elementor-hidden-mobile elementor-widget elementor-widget-spacer\" data-id=\"45c66ef\" data-element_type=\"widget\" data-e-type=\"widget\" data-widget_type=\"spacer.default\">\n\t\t\t\t<div class=\"elementor-widget-container\">\n\t\t\t\t\t\t\t<div class=\"elementor-spacer\">\n\t\t\t<div class=\"elementor-spacer-inner\"><\/div>\n\t\t<\/div>\n\t\t\t\t\t\t<\/div>\n\t\t\t\t<\/div>\n\t\t\t\t\t<\/div>\n\t\t<\/div>\n\t\t\t\t\t<\/div>\n\t\t<\/section>\n\t\t\t\t<\/div>","protected":false},"excerpt":{"rendered":"<p>Cortar las costillas en raciones de unos 75 gr cada una y meterlas en bolsas al vac\u00edo junto con un diente de ajo, tomillo, salsa teriyaki y miel de ca\u00f1a y cocinar en un roner a 65\u00ba C durante 12 horas; sacar y reservar.<\/p>","protected":false},"author":6,"featured_media":7733,"comment_status":"closed","ping_status":"closed","sticky":false,"template":"","format":"standard","meta":{"inline_featured_image":false,"_exactmetrics_skip_tracking":false,"_exactmetrics_sitenote_active":false,"_exactmetrics_sitenote_note":"","_exactmetrics_sitenote_category":0,"footnotes":""},"categories":[74],"tags":[79],"class_list":["post-7727","post","type-post","status-publish","format-standard","has-post-thumbnail","hentry","category-receta-gastroarte","tag-recetario-gastroarte"],"yoast_head":"<!-- This site is optimized with the Yoast SEO plugin v26.9 - https:\/\/yoast.com\/product\/yoast-seo-wordpress\/ -->\n<title>Foie gras, &quot;mieldeca\u00f1a&quot; y caldo de encurtidos - MIEL DE CA\u00d1A DE FRIGILIANA PRODUCTO NATURAL<\/title>\n<meta name=\"robots\" content=\"index, follow, max-snippet:-1, max-image-preview:large, max-video-preview:-1\" \/>\n<link rel=\"canonical\" href=\"https:\/\/mieldelatorre.com\/en\/foie-gras-mieldecana-y-caldo-de-encurtidos\/\" \/>\n<meta property=\"og:locale\" content=\"en_GB\" \/>\n<meta property=\"og:type\" content=\"article\" \/>\n<meta property=\"og:title\" content=\"Foie gras, &quot;mieldeca\u00f1a&quot; y caldo de encurtidos - MIEL DE CA\u00d1A DE FRIGILIANA PRODUCTO NATURAL\" \/>\n<meta property=\"og:description\" content=\"Cortar las costillas en raciones de unos 75 gr cada una y meterlas en bolsas al vac\u00edo junto con un diente de ajo, tomillo, salsa teriyaki y miel de ca\u00f1a y cocinar en un roner a 65\u00ba C durante 12 horas; sacar y reservar.\" \/>\n<meta property=\"og:url\" content=\"https:\/\/mieldelatorre.com\/en\/foie-gras-mieldecana-y-caldo-de-encurtidos\/\" \/>\n<meta property=\"og:site_name\" content=\"MIEL DE CA\u00d1A DE FRIGILIANA PRODUCTO NATURAL\" \/>\n<meta property=\"article:publisher\" content=\"https:\/\/www.facebook.com\/mieldelatorre\" \/>\n<meta property=\"article:published_time\" content=\"2022-04-25T09:08:10+00:00\" \/>\n<meta property=\"article:modified_time\" content=\"2023-02-23T08:42:38+00:00\" \/>\n<meta property=\"og:image\" content=\"https:\/\/mieldelatorre.com\/wp-content\/uploads\/2022\/04\/PREWIE-RCETAS-GASTROARTE-JOSE-ALVAREZ_Mesa-de-trabajo-1-copia.jpg\" \/>\n\t<meta property=\"og:image:width\" content=\"1667\" \/>\n\t<meta property=\"og:image:height\" content=\"1250\" \/>\n\t<meta property=\"og:image:type\" content=\"image\/jpeg\" \/>\n<meta name=\"author\" content=\"Rosa Marmol\" \/>\n<meta name=\"twitter:card\" content=\"summary_large_image\" \/>\n<meta name=\"twitter:label1\" content=\"Written by\" \/>\n\t<meta name=\"twitter:data1\" content=\"Rosa Marmol\" \/>\n\t<meta name=\"twitter:label2\" content=\"Estimated reading time\" \/>\n\t<meta name=\"twitter:data2\" content=\"3 minutes\" \/>\n<script type=\"application\/ld+json\" class=\"yoast-schema-graph\">{\"@context\":\"https:\/\/schema.org\",\"@graph\":[{\"@type\":\"Article\",\"@id\":\"https:\/\/mieldelatorre.com\/foie-gras-mieldecana-y-caldo-de-encurtidos\/#article\",\"isPartOf\":{\"@id\":\"https:\/\/mieldelatorre.com\/foie-gras-mieldecana-y-caldo-de-encurtidos\/\"},\"author\":{\"name\":\"Rosa Marmol\",\"@id\":\"https:\/\/mieldelatorre.com\/#\/schema\/person\/f812132eaa467f8200f886d468add81a\"},\"headline\":\"Foie gras, \u00abmieldeca\u00f1a\u00bb y caldo de encurtidos\",\"datePublished\":\"2022-04-25T09:08:10+00:00\",\"dateModified\":\"2023-02-23T08:42:38+00:00\",\"mainEntityOfPage\":{\"@id\":\"https:\/\/mieldelatorre.com\/foie-gras-mieldecana-y-caldo-de-encurtidos\/\"},\"wordCount\":371,\"publisher\":{\"@id\":\"https:\/\/mieldelatorre.com\/#organization\"},\"image\":{\"@id\":\"https:\/\/mieldelatorre.com\/foie-gras-mieldecana-y-caldo-de-encurtidos\/#primaryimage\"},\"thumbnailUrl\":\"https:\/\/mieldelatorre.com\/wp-content\/uploads\/2022\/04\/PREWIE-RCETAS-GASTROARTE-JOSE-ALVAREZ_Mesa-de-trabajo-1-copia.jpg\",\"keywords\":[\"Recetario Gastroarte\"],\"articleSection\":[\"Receta Gastroarte\"],\"inLanguage\":\"en-GB\"},{\"@type\":\"WebPage\",\"@id\":\"https:\/\/mieldelatorre.com\/foie-gras-mieldecana-y-caldo-de-encurtidos\/\",\"url\":\"https:\/\/mieldelatorre.com\/foie-gras-mieldecana-y-caldo-de-encurtidos\/\",\"name\":\"Foie gras, \\\"mieldeca\u00f1a\\\" y caldo de encurtidos - MIEL DE CA\u00d1A DE FRIGILIANA PRODUCTO NATURAL\",\"isPartOf\":{\"@id\":\"https:\/\/mieldelatorre.com\/#website\"},\"primaryImageOfPage\":{\"@id\":\"https:\/\/mieldelatorre.com\/foie-gras-mieldecana-y-caldo-de-encurtidos\/#primaryimage\"},\"image\":{\"@id\":\"https:\/\/mieldelatorre.com\/foie-gras-mieldecana-y-caldo-de-encurtidos\/#primaryimage\"},\"thumbnailUrl\":\"https:\/\/mieldelatorre.com\/wp-content\/uploads\/2022\/04\/PREWIE-RCETAS-GASTROARTE-JOSE-ALVAREZ_Mesa-de-trabajo-1-copia.jpg\",\"datePublished\":\"2022-04-25T09:08:10+00:00\",\"dateModified\":\"2023-02-23T08:42:38+00:00\",\"breadcrumb\":{\"@id\":\"https:\/\/mieldelatorre.com\/foie-gras-mieldecana-y-caldo-de-encurtidos\/#breadcrumb\"},\"inLanguage\":\"en-GB\",\"potentialAction\":[{\"@type\":\"ReadAction\",\"target\":[\"https:\/\/mieldelatorre.com\/foie-gras-mieldecana-y-caldo-de-encurtidos\/\"]}]},{\"@type\":\"ImageObject\",\"inLanguage\":\"en-GB\",\"@id\":\"https:\/\/mieldelatorre.com\/foie-gras-mieldecana-y-caldo-de-encurtidos\/#primaryimage\",\"url\":\"https:\/\/mieldelatorre.com\/wp-content\/uploads\/2022\/04\/PREWIE-RCETAS-GASTROARTE-JOSE-ALVAREZ_Mesa-de-trabajo-1-copia.jpg\",\"contentUrl\":\"https:\/\/mieldelatorre.com\/wp-content\/uploads\/2022\/04\/PREWIE-RCETAS-GASTROARTE-JOSE-ALVAREZ_Mesa-de-trabajo-1-copia.jpg\",\"width\":1667,\"height\":1250},{\"@type\":\"BreadcrumbList\",\"@id\":\"https:\/\/mieldelatorre.com\/foie-gras-mieldecana-y-caldo-de-encurtidos\/#breadcrumb\",\"itemListElement\":[{\"@type\":\"ListItem\",\"position\":1,\"name\":\"Portada\",\"item\":\"https:\/\/mieldelatorre.com\/\"},{\"@type\":\"ListItem\",\"position\":2,\"name\":\"Foie gras, &#8220;mieldeca\u00f1a&#8221; y caldo de encurtidos\"}]},{\"@type\":\"WebSite\",\"@id\":\"https:\/\/mieldelatorre.com\/#website\",\"url\":\"https:\/\/mieldelatorre.com\/\",\"name\":\"miel de ca\u00f1a de la torre\",\"description\":\"El Ingenio Nuestra Se\u00f1ora del Carmen elabora desde 1725 la miel de ca\u00f1a Frigiliana, producto natural rico en vitaminas y minerales\",\"publisher\":{\"@id\":\"https:\/\/mieldelatorre.com\/#organization\"},\"potentialAction\":[{\"@type\":\"SearchAction\",\"target\":{\"@type\":\"EntryPoint\",\"urlTemplate\":\"https:\/\/mieldelatorre.com\/?s={search_term_string}\"},\"query-input\":{\"@type\":\"PropertyValueSpecification\",\"valueRequired\":true,\"valueName\":\"search_term_string\"}}],\"inLanguage\":\"en-GB\"},{\"@type\":\"Organization\",\"@id\":\"https:\/\/mieldelatorre.com\/#organization\",\"name\":\"De La Torre S.L. miel de ca\u00f1a\",\"url\":\"https:\/\/mieldelatorre.com\/\",\"logo\":{\"@type\":\"ImageObject\",\"inLanguage\":\"en-GB\",\"@id\":\"https:\/\/mieldelatorre.com\/#\/schema\/logo\/image\/\",\"url\":\"\",\"contentUrl\":\"\",\"caption\":\"De La Torre S.L. miel de ca\u00f1a\"},\"image\":{\"@id\":\"https:\/\/mieldelatorre.com\/#\/schema\/logo\/image\/\"},\"sameAs\":[\"https:\/\/www.facebook.com\/mieldelatorre\",\"https:\/\/www.instagram.com\/ingenio_nra_sra_del_carmen\/\",\"https:\/\/www.youtube.com\/channel\/UCBi3fBnBWX9RaxeqMhjQ_JQ\"]},{\"@type\":\"Person\",\"@id\":\"https:\/\/mieldelatorre.com\/#\/schema\/person\/f812132eaa467f8200f886d468add81a\",\"name\":\"Rosa Marmol\",\"image\":{\"@type\":\"ImageObject\",\"inLanguage\":\"en-GB\",\"@id\":\"https:\/\/mieldelatorre.com\/#\/schema\/person\/image\/\",\"url\":\"https:\/\/secure.gravatar.com\/avatar\/9d4da5cc94766bbd37db2613b91b3f2a23ab77bebed6409c8c5eeecc0f0e21d9?s=96&d=mm&r=g\",\"contentUrl\":\"https:\/\/secure.gravatar.com\/avatar\/9d4da5cc94766bbd37db2613b91b3f2a23ab77bebed6409c8c5eeecc0f0e21d9?s=96&d=mm&r=g\",\"caption\":\"Rosa Marmol\"},\"sameAs\":[\"http:\/\/artificio.studio\"]}]}<\/script>\n<!-- \/ Yoast SEO plugin. -->","yoast_head_json":{"title":"Foie gras, \"mieldeca\u00f1a\" y caldo de encurtidos - MIEL DE CA\u00d1A DE FRIGILIANA PRODUCTO NATURAL","robots":{"index":"index","follow":"follow","max-snippet":"max-snippet:-1","max-image-preview":"max-image-preview:large","max-video-preview":"max-video-preview:-1"},"canonical":"https:\/\/mieldelatorre.com\/en\/foie-gras-mieldecana-y-caldo-de-encurtidos\/","og_locale":"en_GB","og_type":"article","og_title":"Foie gras, \"mieldeca\u00f1a\" y caldo de encurtidos - MIEL DE CA\u00d1A DE FRIGILIANA PRODUCTO NATURAL","og_description":"Cortar las costillas en raciones de unos 75 gr cada una y meterlas en bolsas al vac\u00edo junto con un diente de ajo, tomillo, salsa teriyaki y miel de ca\u00f1a y cocinar en un roner a 65\u00ba C durante 12 horas; sacar y reservar.","og_url":"https:\/\/mieldelatorre.com\/en\/foie-gras-mieldecana-y-caldo-de-encurtidos\/","og_site_name":"MIEL DE CA\u00d1A DE FRIGILIANA PRODUCTO NATURAL","article_publisher":"https:\/\/www.facebook.com\/mieldelatorre","article_published_time":"2022-04-25T09:08:10+00:00","article_modified_time":"2023-02-23T08:42:38+00:00","og_image":[{"width":1667,"height":1250,"url":"https:\/\/mieldelatorre.com\/wp-content\/uploads\/2022\/04\/PREWIE-RCETAS-GASTROARTE-JOSE-ALVAREZ_Mesa-de-trabajo-1-copia.jpg","type":"image\/jpeg"}],"author":"Rosa Marmol","twitter_card":"summary_large_image","twitter_misc":{"Written by":"Rosa Marmol","Estimated reading time":"3 minutes"},"schema":{"@context":"https:\/\/schema.org","@graph":[{"@type":"Article","@id":"https:\/\/mieldelatorre.com\/foie-gras-mieldecana-y-caldo-de-encurtidos\/#article","isPartOf":{"@id":"https:\/\/mieldelatorre.com\/foie-gras-mieldecana-y-caldo-de-encurtidos\/"},"author":{"name":"Rosa Marmol","@id":"https:\/\/mieldelatorre.com\/#\/schema\/person\/f812132eaa467f8200f886d468add81a"},"headline":"Foie gras, \u00abmieldeca\u00f1a\u00bb y caldo de encurtidos","datePublished":"2022-04-25T09:08:10+00:00","dateModified":"2023-02-23T08:42:38+00:00","mainEntityOfPage":{"@id":"https:\/\/mieldelatorre.com\/foie-gras-mieldecana-y-caldo-de-encurtidos\/"},"wordCount":371,"publisher":{"@id":"https:\/\/mieldelatorre.com\/#organization"},"image":{"@id":"https:\/\/mieldelatorre.com\/foie-gras-mieldecana-y-caldo-de-encurtidos\/#primaryimage"},"thumbnailUrl":"https:\/\/mieldelatorre.com\/wp-content\/uploads\/2022\/04\/PREWIE-RCETAS-GASTROARTE-JOSE-ALVAREZ_Mesa-de-trabajo-1-copia.jpg","keywords":["Recetario Gastroarte"],"articleSection":["Receta Gastroarte"],"inLanguage":"en-GB"},{"@type":"WebPage","@id":"https:\/\/mieldelatorre.com\/foie-gras-mieldecana-y-caldo-de-encurtidos\/","url":"https:\/\/mieldelatorre.com\/foie-gras-mieldecana-y-caldo-de-encurtidos\/","name":"Foie gras, \"mieldeca\u00f1a\" y caldo de encurtidos - MIEL DE CA\u00d1A DE FRIGILIANA PRODUCTO NATURAL","isPartOf":{"@id":"https:\/\/mieldelatorre.com\/#website"},"primaryImageOfPage":{"@id":"https:\/\/mieldelatorre.com\/foie-gras-mieldecana-y-caldo-de-encurtidos\/#primaryimage"},"image":{"@id":"https:\/\/mieldelatorre.com\/foie-gras-mieldecana-y-caldo-de-encurtidos\/#primaryimage"},"thumbnailUrl":"https:\/\/mieldelatorre.com\/wp-content\/uploads\/2022\/04\/PREWIE-RCETAS-GASTROARTE-JOSE-ALVAREZ_Mesa-de-trabajo-1-copia.jpg","datePublished":"2022-04-25T09:08:10+00:00","dateModified":"2023-02-23T08:42:38+00:00","breadcrumb":{"@id":"https:\/\/mieldelatorre.com\/foie-gras-mieldecana-y-caldo-de-encurtidos\/#breadcrumb"},"inLanguage":"en-GB","potentialAction":[{"@type":"ReadAction","target":["https:\/\/mieldelatorre.com\/foie-gras-mieldecana-y-caldo-de-encurtidos\/"]}]},{"@type":"ImageObject","inLanguage":"en-GB","@id":"https:\/\/mieldelatorre.com\/foie-gras-mieldecana-y-caldo-de-encurtidos\/#primaryimage","url":"https:\/\/mieldelatorre.com\/wp-content\/uploads\/2022\/04\/PREWIE-RCETAS-GASTROARTE-JOSE-ALVAREZ_Mesa-de-trabajo-1-copia.jpg","contentUrl":"https:\/\/mieldelatorre.com\/wp-content\/uploads\/2022\/04\/PREWIE-RCETAS-GASTROARTE-JOSE-ALVAREZ_Mesa-de-trabajo-1-copia.jpg","width":1667,"height":1250},{"@type":"BreadcrumbList","@id":"https:\/\/mieldelatorre.com\/foie-gras-mieldecana-y-caldo-de-encurtidos\/#breadcrumb","itemListElement":[{"@type":"ListItem","position":1,"name":"Portada","item":"https:\/\/mieldelatorre.com\/"},{"@type":"ListItem","position":2,"name":"Foie gras, &#8220;mieldeca\u00f1a&#8221; y caldo de encurtidos"}]},{"@type":"WebSite","@id":"https:\/\/mieldelatorre.com\/#website","url":"https:\/\/mieldelatorre.com\/","name":"miel de ca\u00f1a de la torre","description":"El Ingenio Nuestra Se\u00f1ora del Carmen elabora desde 1725 la miel de ca\u00f1a Frigiliana, producto natural rico en vitaminas y minerales","publisher":{"@id":"https:\/\/mieldelatorre.com\/#organization"},"potentialAction":[{"@type":"SearchAction","target":{"@type":"EntryPoint","urlTemplate":"https:\/\/mieldelatorre.com\/?s={search_term_string}"},"query-input":{"@type":"PropertyValueSpecification","valueRequired":true,"valueName":"search_term_string"}}],"inLanguage":"en-GB"},{"@type":"Organization","@id":"https:\/\/mieldelatorre.com\/#organization","name":"De La Torre S.L. miel de ca\u00f1a","url":"https:\/\/mieldelatorre.com\/","logo":{"@type":"ImageObject","inLanguage":"en-GB","@id":"https:\/\/mieldelatorre.com\/#\/schema\/logo\/image\/","url":"","contentUrl":"","caption":"De La Torre S.L. miel de ca\u00f1a"},"image":{"@id":"https:\/\/mieldelatorre.com\/#\/schema\/logo\/image\/"},"sameAs":["https:\/\/www.facebook.com\/mieldelatorre","https:\/\/www.instagram.com\/ingenio_nra_sra_del_carmen\/","https:\/\/www.youtube.com\/channel\/UCBi3fBnBWX9RaxeqMhjQ_JQ"]},{"@type":"Person","@id":"https:\/\/mieldelatorre.com\/#\/schema\/person\/f812132eaa467f8200f886d468add81a","name":"Rosa Marmol","image":{"@type":"ImageObject","inLanguage":"en-GB","@id":"https:\/\/mieldelatorre.com\/#\/schema\/person\/image\/","url":"https:\/\/secure.gravatar.com\/avatar\/9d4da5cc94766bbd37db2613b91b3f2a23ab77bebed6409c8c5eeecc0f0e21d9?s=96&d=mm&r=g","contentUrl":"https:\/\/secure.gravatar.com\/avatar\/9d4da5cc94766bbd37db2613b91b3f2a23ab77bebed6409c8c5eeecc0f0e21d9?s=96&d=mm&r=g","caption":"Rosa Marmol"},"sameAs":["http:\/\/artificio.studio"]}]}},"_links":{"self":[{"href":"https:\/\/mieldelatorre.com\/en\/wp-json\/wp\/v2\/posts\/7727","targetHints":{"allow":["GET"]}}],"collection":[{"href":"https:\/\/mieldelatorre.com\/en\/wp-json\/wp\/v2\/posts"}],"about":[{"href":"https:\/\/mieldelatorre.com\/en\/wp-json\/wp\/v2\/types\/post"}],"author":[{"embeddable":true,"href":"https:\/\/mieldelatorre.com\/en\/wp-json\/wp\/v2\/users\/6"}],"replies":[{"embeddable":true,"href":"https:\/\/mieldelatorre.com\/en\/wp-json\/wp\/v2\/comments?post=7727"}],"version-history":[{"count":5,"href":"https:\/\/mieldelatorre.com\/en\/wp-json\/wp\/v2\/posts\/7727\/revisions"}],"predecessor-version":[{"id":10279,"href":"https:\/\/mieldelatorre.com\/en\/wp-json\/wp\/v2\/posts\/7727\/revisions\/10279"}],"wp:featuredmedia":[{"embeddable":true,"href":"https:\/\/mieldelatorre.com\/en\/wp-json\/wp\/v2\/media\/7733"}],"wp:attachment":[{"href":"https:\/\/mieldelatorre.com\/en\/wp-json\/wp\/v2\/media?parent=7727"}],"wp:term":[{"taxonomy":"category","embeddable":true,"href":"https:\/\/mieldelatorre.com\/en\/wp-json\/wp\/v2\/categories?post=7727"},{"taxonomy":"post_tag","embeddable":true,"href":"https:\/\/mieldelatorre.com\/en\/wp-json\/wp\/v2\/tags?post=7727"}],"curies":[{"name":"wp","href":"https:\/\/api.w.org\/{rel}","templated":true}]}}