
{"id":1104,"date":"2021-01-21T17:41:10","date_gmt":"2021-01-21T16:41:10","guid":{"rendered":"https:\/\/mieldelatorre.com\/?p=1104"},"modified":"2023-02-20T17:53:05","modified_gmt":"2023-02-20T16:53:05","slug":"pierna-de-cordero-con-manzana-y-mieldecana","status":"publish","type":"post","link":"https:\/\/mieldelatorre.com\/en\/pierna-de-cordero-con-manzana-y-mieldecana\/","title":{"rendered":"Pierna de cordero con manzana y \u00abMieldeCa\u00f1a\u201d"},"content":{"rendered":"<div data-elementor-type=\"wp-post\" data-elementor-id=\"1104\" class=\"elementor elementor-1104\">\n\t\t\t\t\t\t<section class=\"elementor-section elementor-top-section elementor-element elementor-element-b0e3ad6 elementor-section-boxed elementor-section-height-default elementor-section-height-default parallax_section_no qode_elementor_container_no\" data-id=\"b0e3ad6\" data-element_type=\"section\" data-e-type=\"section\">\n\t\t\t\t\t\t<div class=\"elementor-container elementor-column-gap-default\">\n\t\t\t\t\t<div class=\"elementor-column elementor-col-50 elementor-top-column elementor-element elementor-element-7c404d0\" data-id=\"7c404d0\" data-element_type=\"column\" data-e-type=\"column\">\n\t\t\t<div class=\"elementor-widget-wrap elementor-element-populated\">\n\t\t\t\t\t\t<div class=\"elementor-element elementor-element-8baa566 elementor-widget elementor-widget-text-editor\" data-id=\"8baa566\" data-element_type=\"widget\" data-e-type=\"widget\" data-widget_type=\"text-editor.default\">\n\t\t\t\t<div class=\"elementor-widget-container\">\n\t\t\t\t\t\t\t\t\t<h3><span style=\"color: #f2dc94;\">Ingredients (for 4 people)<\/span><\/h3><p style=\"text-align: justify;\">2 legs of lamb <br \/>3 of onions cut into rings<br \/>600 g of potatoes<br \/>7 apples<br \/>100 g of Andalusian sugar cane molasses<br \/>200 ml of apple cider<br \/>Extra virgin olive oil to suit your taste<br \/>Salt and pepper to suit your taste<br \/>1 splash of cognac<\/p><h3><span style=\"color: #f2dc94;\">Method<\/span><\/h3><p style=\"text-align: justify;\">Preheat the oven  to 180\u00ba. Cover the leg of lamb with cognac, and then rub it with salt and pepper. Place the lamb onto a bed of potatoes, onions and apples cut into slices ( only use 3 apples). Cover with aluminum foil, put in the oven for 15 min. and then turn the leg, sprinkle with the cider, re-season and leave covered in the oven for another 15 min. Prick the meat to see if it is cooked, if juice comes out, you have to leave a few more minutes. Once browned, cut the meat and garnish and plate to taste.<\/p>\t\t\t\t\t\t\t\t<\/div>\n\t\t\t\t<\/div>\n\t\t\t\t\t<\/div>\n\t\t<\/div>\n\t\t\t\t<div class=\"elementor-column elementor-col-50 elementor-top-column elementor-element elementor-element-0128d34\" data-id=\"0128d34\" data-element_type=\"column\" data-e-type=\"column\">\n\t\t\t<div class=\"elementor-widget-wrap elementor-element-populated\">\n\t\t\t\t\t\t<div class=\"elementor-element elementor-element-1b87e07 elementor-widget elementor-widget-image\" data-id=\"1b87e07\" data-element_type=\"widget\" data-e-type=\"widget\" data-widget_type=\"image.default\">\n\t\t\t\t<div class=\"elementor-widget-container\">\n\t\t\t\t\t\t\t\t\t\t\t\t\t\t\t<img fetchpriority=\"high\" decoding=\"async\" width=\"705\" height=\"1024\" src=\"https:\/\/mieldelatorre.com\/wp-content\/uploads\/2021\/04\/Pierna-de-cordero-con-miel-de-cana-impWEB-705x1024.jpg\" class=\"attachment-large size-large wp-image-5229\" alt=\"\" srcset=\"https:\/\/mieldelatorre.com\/wp-content\/uploads\/2021\/04\/Pierna-de-cordero-con-miel-de-cana-impWEB-705x1024.jpg 705w, https:\/\/mieldelatorre.com\/wp-content\/uploads\/2021\/04\/Pierna-de-cordero-con-miel-de-cana-impWEB-800x1162.jpg 800w, https:\/\/mieldelatorre.com\/wp-content\/uploads\/2021\/04\/Pierna-de-cordero-con-miel-de-cana-impWEB-207x300.jpg 207w, https:\/\/mieldelatorre.com\/wp-content\/uploads\/2021\/04\/Pierna-de-cordero-con-miel-de-cana-impWEB-768x1115.jpg 768w, https:\/\/mieldelatorre.com\/wp-content\/uploads\/2021\/04\/Pierna-de-cordero-con-miel-de-cana-impWEB.jpg 1123w\" sizes=\"(max-width: 705px) 100vw, 705px\" \/>\t\t\t\t\t\t\t\t\t\t\t\t\t\t\t<\/div>\n\t\t\t\t<\/div>\n\t\t\t\t\t<\/div>\n\t\t<\/div>\n\t\t\t\t\t<\/div>\n\t\t<\/section>\n\t\t\t\t<section class=\"elementor-section elementor-top-section elementor-element elementor-element-0074311 elementor-section-boxed elementor-section-height-default elementor-section-height-default parallax_section_no qode_elementor_container_no\" data-id=\"0074311\" data-element_type=\"section\" data-e-type=\"section\">\n\t\t\t\t\t\t<div class=\"elementor-container elementor-column-gap-default\">\n\t\t\t\t\t<div class=\"elementor-column elementor-col-100 elementor-top-column elementor-element elementor-element-f4c6a5a\" data-id=\"f4c6a5a\" data-element_type=\"column\" data-e-type=\"column\">\n\t\t\t<div class=\"elementor-widget-wrap elementor-element-populated\">\n\t\t\t\t\t\t<div class=\"elementor-element elementor-element-dc65481 elementor-hidden-phone elementor-widget elementor-widget-spacer\" data-id=\"dc65481\" data-element_type=\"widget\" data-e-type=\"widget\" data-widget_type=\"spacer.default\">\n\t\t\t\t<div class=\"elementor-widget-container\">\n\t\t\t\t\t\t\t<div class=\"elementor-spacer\">\n\t\t\t<div class=\"elementor-spacer-inner\"><\/div>\n\t\t<\/div>\n\t\t\t\t\t\t<\/div>\n\t\t\t\t<\/div>\n\t\t\t\t\t<\/div>\n\t\t<\/div>\n\t\t\t\t\t<\/div>\n\t\t<\/section>\n\t\t\t\t<\/div>","protected":false},"excerpt":{"rendered":"<p>Una vez la pata de cordero bien impregnado de co\u00f1ac, se frota con sal y pimienta, y se mete al horno precalentado a 180\u00ba&#8230;<\/p>","protected":false},"author":1,"featured_media":5229,"comment_status":"open","ping_status":"open","sticky":false,"template":"","format":"standard","meta":{"inline_featured_image":false,"_exactmetrics_skip_tracking":false,"_exactmetrics_sitenote_active":false,"_exactmetrics_sitenote_note":"","_exactmetrics_sitenote_category":0,"footnotes":""},"categories":[29],"tags":[61,80],"class_list":["post-1104","post","type-post","status-publish","format-standard","has-post-thumbnail","hentry","category-receta","tag-principales","tag-recetario-tradicional"],"yoast_head":"<!-- This site is optimized with the Yoast SEO plugin v26.9 - https:\/\/yoast.com\/product\/yoast-seo-wordpress\/ -->\n<title>Pierna de cordero con manzana y &quot;MieldeCa\u00f1a\u201d - MIEL DE CA\u00d1A DE FRIGILIANA PRODUCTO NATURAL<\/title>\n<meta name=\"robots\" content=\"index, follow, max-snippet:-1, max-image-preview:large, max-video-preview:-1\" \/>\n<link rel=\"canonical\" href=\"https:\/\/mieldelatorre.com\/en\/pierna-de-cordero-con-manzana-y-mieldecana\/\" \/>\n<meta property=\"og:locale\" content=\"en_GB\" \/>\n<meta property=\"og:type\" content=\"article\" \/>\n<meta property=\"og:title\" content=\"Pierna de cordero con manzana y &quot;MieldeCa\u00f1a\u201d - MIEL DE CA\u00d1A DE FRIGILIANA PRODUCTO NATURAL\" \/>\n<meta property=\"og:description\" content=\"Una vez la pata de cordero bien impregnado de co\u00f1ac, se frota con sal y pimienta, y se mete al horno precalentado a 180\u00ba...\" \/>\n<meta property=\"og:url\" content=\"https:\/\/mieldelatorre.com\/en\/pierna-de-cordero-con-manzana-y-mieldecana\/\" \/>\n<meta property=\"og:site_name\" content=\"MIEL DE CA\u00d1A DE FRIGILIANA PRODUCTO NATURAL\" \/>\n<meta property=\"article:publisher\" content=\"https:\/\/www.facebook.com\/mieldelatorre\" \/>\n<meta property=\"article:published_time\" content=\"2021-01-21T16:41:10+00:00\" \/>\n<meta property=\"article:modified_time\" content=\"2023-02-20T16:53:05+00:00\" \/>\n<meta property=\"og:image\" content=\"https:\/\/mieldelatorre.com\/wp-content\/uploads\/2021\/04\/Pierna-de-cordero-con-miel-de-cana-impWEB.jpg\" \/>\n\t<meta property=\"og:image:width\" content=\"1123\" \/>\n\t<meta property=\"og:image:height\" content=\"1631\" \/>\n\t<meta property=\"og:image:type\" content=\"image\/jpeg\" \/>\n<meta name=\"author\" content=\"kymuweb_admin\" \/>\n<meta name=\"twitter:card\" content=\"summary_large_image\" \/>\n<meta name=\"twitter:label1\" content=\"Written by\" \/>\n\t<meta name=\"twitter:data1\" content=\"kymuweb_admin\" \/>\n\t<meta name=\"twitter:label2\" content=\"Estimated reading time\" \/>\n\t<meta name=\"twitter:data2\" content=\"2 minutes\" \/>\n<script type=\"application\/ld+json\" class=\"yoast-schema-graph\">{\"@context\":\"https:\/\/schema.org\",\"@graph\":[{\"@type\":\"Article\",\"@id\":\"https:\/\/mieldelatorre.com\/pierna-de-cordero-con-manzana-y-mieldecana\/#article\",\"isPartOf\":{\"@id\":\"https:\/\/mieldelatorre.com\/pierna-de-cordero-con-manzana-y-mieldecana\/\"},\"author\":{\"name\":\"kymuweb_admin\",\"@id\":\"https:\/\/mieldelatorre.com\/#\/schema\/person\/e6a60f85dfbe0aa39c707ff6cffb0d96\"},\"headline\":\"Pierna de cordero con manzana y \u00abMieldeCa\u00f1a\u201d\",\"datePublished\":\"2021-01-21T16:41:10+00:00\",\"dateModified\":\"2023-02-20T16:53:05+00:00\",\"mainEntityOfPage\":{\"@id\":\"https:\/\/mieldelatorre.com\/pierna-de-cordero-con-manzana-y-mieldecana\/\"},\"wordCount\":202,\"commentCount\":0,\"publisher\":{\"@id\":\"https:\/\/mieldelatorre.com\/#organization\"},\"image\":{\"@id\":\"https:\/\/mieldelatorre.com\/pierna-de-cordero-con-manzana-y-mieldecana\/#primaryimage\"},\"thumbnailUrl\":\"https:\/\/mieldelatorre.com\/wp-content\/uploads\/2021\/04\/Pierna-de-cordero-con-miel-de-cana-impWEB.jpg\",\"keywords\":[\"Principales\",\"Recetario Tradicional\"],\"articleSection\":[\"Receta Tadicional\"],\"inLanguage\":\"en-GB\",\"potentialAction\":[{\"@type\":\"CommentAction\",\"name\":\"Comment\",\"target\":[\"https:\/\/mieldelatorre.com\/pierna-de-cordero-con-manzana-y-mieldecana\/#respond\"]}]},{\"@type\":\"WebPage\",\"@id\":\"https:\/\/mieldelatorre.com\/pierna-de-cordero-con-manzana-y-mieldecana\/\",\"url\":\"https:\/\/mieldelatorre.com\/pierna-de-cordero-con-manzana-y-mieldecana\/\",\"name\":\"Pierna de cordero con manzana y \\\"MieldeCa\u00f1a\u201d - MIEL DE CA\u00d1A DE FRIGILIANA PRODUCTO NATURAL\",\"isPartOf\":{\"@id\":\"https:\/\/mieldelatorre.com\/#website\"},\"primaryImageOfPage\":{\"@id\":\"https:\/\/mieldelatorre.com\/pierna-de-cordero-con-manzana-y-mieldecana\/#primaryimage\"},\"image\":{\"@id\":\"https:\/\/mieldelatorre.com\/pierna-de-cordero-con-manzana-y-mieldecana\/#primaryimage\"},\"thumbnailUrl\":\"https:\/\/mieldelatorre.com\/wp-content\/uploads\/2021\/04\/Pierna-de-cordero-con-miel-de-cana-impWEB.jpg\",\"datePublished\":\"2021-01-21T16:41:10+00:00\",\"dateModified\":\"2023-02-20T16:53:05+00:00\",\"breadcrumb\":{\"@id\":\"https:\/\/mieldelatorre.com\/pierna-de-cordero-con-manzana-y-mieldecana\/#breadcrumb\"},\"inLanguage\":\"en-GB\",\"potentialAction\":[{\"@type\":\"ReadAction\",\"target\":[\"https:\/\/mieldelatorre.com\/pierna-de-cordero-con-manzana-y-mieldecana\/\"]}]},{\"@type\":\"ImageObject\",\"inLanguage\":\"en-GB\",\"@id\":\"https:\/\/mieldelatorre.com\/pierna-de-cordero-con-manzana-y-mieldecana\/#primaryimage\",\"url\":\"https:\/\/mieldelatorre.com\/wp-content\/uploads\/2021\/04\/Pierna-de-cordero-con-miel-de-cana-impWEB.jpg\",\"contentUrl\":\"https:\/\/mieldelatorre.com\/wp-content\/uploads\/2021\/04\/Pierna-de-cordero-con-miel-de-cana-impWEB.jpg\",\"width\":1123,\"height\":1631},{\"@type\":\"BreadcrumbList\",\"@id\":\"https:\/\/mieldelatorre.com\/pierna-de-cordero-con-manzana-y-mieldecana\/#breadcrumb\",\"itemListElement\":[{\"@type\":\"ListItem\",\"position\":1,\"name\":\"Portada\",\"item\":\"https:\/\/mieldelatorre.com\/\"},{\"@type\":\"ListItem\",\"position\":2,\"name\":\"Pierna de cordero con manzana y &#8220;MieldeCa\u00f1a\u201d\"}]},{\"@type\":\"WebSite\",\"@id\":\"https:\/\/mieldelatorre.com\/#website\",\"url\":\"https:\/\/mieldelatorre.com\/\",\"name\":\"miel de ca\u00f1a de la torre\",\"description\":\"El Ingenio Nuestra Se\u00f1ora del Carmen elabora desde 1725 la miel de ca\u00f1a Frigiliana, producto natural rico en vitaminas y minerales\",\"publisher\":{\"@id\":\"https:\/\/mieldelatorre.com\/#organization\"},\"potentialAction\":[{\"@type\":\"SearchAction\",\"target\":{\"@type\":\"EntryPoint\",\"urlTemplate\":\"https:\/\/mieldelatorre.com\/?s={search_term_string}\"},\"query-input\":{\"@type\":\"PropertyValueSpecification\",\"valueRequired\":true,\"valueName\":\"search_term_string\"}}],\"inLanguage\":\"en-GB\"},{\"@type\":\"Organization\",\"@id\":\"https:\/\/mieldelatorre.com\/#organization\",\"name\":\"De La Torre S.L. miel de ca\u00f1a\",\"url\":\"https:\/\/mieldelatorre.com\/\",\"logo\":{\"@type\":\"ImageObject\",\"inLanguage\":\"en-GB\",\"@id\":\"https:\/\/mieldelatorre.com\/#\/schema\/logo\/image\/\",\"url\":\"\",\"contentUrl\":\"\",\"caption\":\"De La Torre S.L. miel de ca\u00f1a\"},\"image\":{\"@id\":\"https:\/\/mieldelatorre.com\/#\/schema\/logo\/image\/\"},\"sameAs\":[\"https:\/\/www.facebook.com\/mieldelatorre\",\"https:\/\/www.instagram.com\/ingenio_nra_sra_del_carmen\/\",\"https:\/\/www.youtube.com\/channel\/UCBi3fBnBWX9RaxeqMhjQ_JQ\"]},{\"@type\":\"Person\",\"@id\":\"https:\/\/mieldelatorre.com\/#\/schema\/person\/e6a60f85dfbe0aa39c707ff6cffb0d96\",\"name\":\"kymuweb_admin\",\"image\":{\"@type\":\"ImageObject\",\"inLanguage\":\"en-GB\",\"@id\":\"https:\/\/mieldelatorre.com\/#\/schema\/person\/image\/\",\"url\":\"https:\/\/secure.gravatar.com\/avatar\/80cb6fd32c9f3e15bac68d6014870273291fef6e75cbe3e5c9418ddccb82d9da?s=96&d=mm&r=g\",\"contentUrl\":\"https:\/\/secure.gravatar.com\/avatar\/80cb6fd32c9f3e15bac68d6014870273291fef6e75cbe3e5c9418ddccb82d9da?s=96&d=mm&r=g\",\"caption\":\"kymuweb_admin\"},\"sameAs\":[\"https:\/\/mieldelatorre.com\"]}]}<\/script>\n<!-- \/ Yoast SEO plugin. -->","yoast_head_json":{"title":"Pierna de cordero con manzana y \"MieldeCa\u00f1a\u201d - MIEL DE CA\u00d1A DE FRIGILIANA PRODUCTO NATURAL","robots":{"index":"index","follow":"follow","max-snippet":"max-snippet:-1","max-image-preview":"max-image-preview:large","max-video-preview":"max-video-preview:-1"},"canonical":"https:\/\/mieldelatorre.com\/en\/pierna-de-cordero-con-manzana-y-mieldecana\/","og_locale":"en_GB","og_type":"article","og_title":"Pierna de cordero con manzana y \"MieldeCa\u00f1a\u201d - MIEL DE CA\u00d1A DE FRIGILIANA PRODUCTO NATURAL","og_description":"Una vez la pata de cordero bien impregnado de co\u00f1ac, se frota con sal y pimienta, y se mete al horno precalentado a 180\u00ba...","og_url":"https:\/\/mieldelatorre.com\/en\/pierna-de-cordero-con-manzana-y-mieldecana\/","og_site_name":"MIEL DE CA\u00d1A DE FRIGILIANA PRODUCTO NATURAL","article_publisher":"https:\/\/www.facebook.com\/mieldelatorre","article_published_time":"2021-01-21T16:41:10+00:00","article_modified_time":"2023-02-20T16:53:05+00:00","og_image":[{"width":1123,"height":1631,"url":"https:\/\/mieldelatorre.com\/wp-content\/uploads\/2021\/04\/Pierna-de-cordero-con-miel-de-cana-impWEB.jpg","type":"image\/jpeg"}],"author":"kymuweb_admin","twitter_card":"summary_large_image","twitter_misc":{"Written by":"kymuweb_admin","Estimated reading time":"2 minutes"},"schema":{"@context":"https:\/\/schema.org","@graph":[{"@type":"Article","@id":"https:\/\/mieldelatorre.com\/pierna-de-cordero-con-manzana-y-mieldecana\/#article","isPartOf":{"@id":"https:\/\/mieldelatorre.com\/pierna-de-cordero-con-manzana-y-mieldecana\/"},"author":{"name":"kymuweb_admin","@id":"https:\/\/mieldelatorre.com\/#\/schema\/person\/e6a60f85dfbe0aa39c707ff6cffb0d96"},"headline":"Pierna de cordero con manzana y \u00abMieldeCa\u00f1a\u201d","datePublished":"2021-01-21T16:41:10+00:00","dateModified":"2023-02-20T16:53:05+00:00","mainEntityOfPage":{"@id":"https:\/\/mieldelatorre.com\/pierna-de-cordero-con-manzana-y-mieldecana\/"},"wordCount":202,"commentCount":0,"publisher":{"@id":"https:\/\/mieldelatorre.com\/#organization"},"image":{"@id":"https:\/\/mieldelatorre.com\/pierna-de-cordero-con-manzana-y-mieldecana\/#primaryimage"},"thumbnailUrl":"https:\/\/mieldelatorre.com\/wp-content\/uploads\/2021\/04\/Pierna-de-cordero-con-miel-de-cana-impWEB.jpg","keywords":["Principales","Recetario Tradicional"],"articleSection":["Receta Tadicional"],"inLanguage":"en-GB","potentialAction":[{"@type":"CommentAction","name":"Comment","target":["https:\/\/mieldelatorre.com\/pierna-de-cordero-con-manzana-y-mieldecana\/#respond"]}]},{"@type":"WebPage","@id":"https:\/\/mieldelatorre.com\/pierna-de-cordero-con-manzana-y-mieldecana\/","url":"https:\/\/mieldelatorre.com\/pierna-de-cordero-con-manzana-y-mieldecana\/","name":"Pierna de cordero con manzana y \"MieldeCa\u00f1a\u201d - MIEL DE CA\u00d1A DE FRIGILIANA PRODUCTO NATURAL","isPartOf":{"@id":"https:\/\/mieldelatorre.com\/#website"},"primaryImageOfPage":{"@id":"https:\/\/mieldelatorre.com\/pierna-de-cordero-con-manzana-y-mieldecana\/#primaryimage"},"image":{"@id":"https:\/\/mieldelatorre.com\/pierna-de-cordero-con-manzana-y-mieldecana\/#primaryimage"},"thumbnailUrl":"https:\/\/mieldelatorre.com\/wp-content\/uploads\/2021\/04\/Pierna-de-cordero-con-miel-de-cana-impWEB.jpg","datePublished":"2021-01-21T16:41:10+00:00","dateModified":"2023-02-20T16:53:05+00:00","breadcrumb":{"@id":"https:\/\/mieldelatorre.com\/pierna-de-cordero-con-manzana-y-mieldecana\/#breadcrumb"},"inLanguage":"en-GB","potentialAction":[{"@type":"ReadAction","target":["https:\/\/mieldelatorre.com\/pierna-de-cordero-con-manzana-y-mieldecana\/"]}]},{"@type":"ImageObject","inLanguage":"en-GB","@id":"https:\/\/mieldelatorre.com\/pierna-de-cordero-con-manzana-y-mieldecana\/#primaryimage","url":"https:\/\/mieldelatorre.com\/wp-content\/uploads\/2021\/04\/Pierna-de-cordero-con-miel-de-cana-impWEB.jpg","contentUrl":"https:\/\/mieldelatorre.com\/wp-content\/uploads\/2021\/04\/Pierna-de-cordero-con-miel-de-cana-impWEB.jpg","width":1123,"height":1631},{"@type":"BreadcrumbList","@id":"https:\/\/mieldelatorre.com\/pierna-de-cordero-con-manzana-y-mieldecana\/#breadcrumb","itemListElement":[{"@type":"ListItem","position":1,"name":"Portada","item":"https:\/\/mieldelatorre.com\/"},{"@type":"ListItem","position":2,"name":"Pierna de cordero con manzana y &#8220;MieldeCa\u00f1a\u201d"}]},{"@type":"WebSite","@id":"https:\/\/mieldelatorre.com\/#website","url":"https:\/\/mieldelatorre.com\/","name":"miel de ca\u00f1a de la torre","description":"El Ingenio Nuestra Se\u00f1ora del Carmen elabora desde 1725 la miel de ca\u00f1a Frigiliana, producto natural rico en vitaminas y minerales","publisher":{"@id":"https:\/\/mieldelatorre.com\/#organization"},"potentialAction":[{"@type":"SearchAction","target":{"@type":"EntryPoint","urlTemplate":"https:\/\/mieldelatorre.com\/?s={search_term_string}"},"query-input":{"@type":"PropertyValueSpecification","valueRequired":true,"valueName":"search_term_string"}}],"inLanguage":"en-GB"},{"@type":"Organization","@id":"https:\/\/mieldelatorre.com\/#organization","name":"De La Torre S.L. miel de ca\u00f1a","url":"https:\/\/mieldelatorre.com\/","logo":{"@type":"ImageObject","inLanguage":"en-GB","@id":"https:\/\/mieldelatorre.com\/#\/schema\/logo\/image\/","url":"","contentUrl":"","caption":"De La Torre S.L. miel de ca\u00f1a"},"image":{"@id":"https:\/\/mieldelatorre.com\/#\/schema\/logo\/image\/"},"sameAs":["https:\/\/www.facebook.com\/mieldelatorre","https:\/\/www.instagram.com\/ingenio_nra_sra_del_carmen\/","https:\/\/www.youtube.com\/channel\/UCBi3fBnBWX9RaxeqMhjQ_JQ"]},{"@type":"Person","@id":"https:\/\/mieldelatorre.com\/#\/schema\/person\/e6a60f85dfbe0aa39c707ff6cffb0d96","name":"kymuweb_admin","image":{"@type":"ImageObject","inLanguage":"en-GB","@id":"https:\/\/mieldelatorre.com\/#\/schema\/person\/image\/","url":"https:\/\/secure.gravatar.com\/avatar\/80cb6fd32c9f3e15bac68d6014870273291fef6e75cbe3e5c9418ddccb82d9da?s=96&d=mm&r=g","contentUrl":"https:\/\/secure.gravatar.com\/avatar\/80cb6fd32c9f3e15bac68d6014870273291fef6e75cbe3e5c9418ddccb82d9da?s=96&d=mm&r=g","caption":"kymuweb_admin"},"sameAs":["https:\/\/mieldelatorre.com"]}]}},"_links":{"self":[{"href":"https:\/\/mieldelatorre.com\/en\/wp-json\/wp\/v2\/posts\/1104","targetHints":{"allow":["GET"]}}],"collection":[{"href":"https:\/\/mieldelatorre.com\/en\/wp-json\/wp\/v2\/posts"}],"about":[{"href":"https:\/\/mieldelatorre.com\/en\/wp-json\/wp\/v2\/types\/post"}],"author":[{"embeddable":true,"href":"https:\/\/mieldelatorre.com\/en\/wp-json\/wp\/v2\/users\/1"}],"replies":[{"embeddable":true,"href":"https:\/\/mieldelatorre.com\/en\/wp-json\/wp\/v2\/comments?post=1104"}],"version-history":[{"count":5,"href":"https:\/\/mieldelatorre.com\/en\/wp-json\/wp\/v2\/posts\/1104\/revisions"}],"predecessor-version":[{"id":9968,"href":"https:\/\/mieldelatorre.com\/en\/wp-json\/wp\/v2\/posts\/1104\/revisions\/9968"}],"wp:featuredmedia":[{"embeddable":true,"href":"https:\/\/mieldelatorre.com\/en\/wp-json\/wp\/v2\/media\/5229"}],"wp:attachment":[{"href":"https:\/\/mieldelatorre.com\/en\/wp-json\/wp\/v2\/media?parent=1104"}],"wp:term":[{"taxonomy":"category","embeddable":true,"href":"https:\/\/mieldelatorre.com\/en\/wp-json\/wp\/v2\/categories?post=1104"},{"taxonomy":"post_tag","embeddable":true,"href":"https:\/\/mieldelatorre.com\/en\/wp-json\/wp\/v2\/tags?post=1104"}],"curies":[{"name":"wp","href":"https:\/\/api.w.org\/{rel}","templated":true}]}}